{"id":2838,"date":"2020-12-08T11:34:00","date_gmt":"2020-12-08T10:34:00","guid":{"rendered":"https:\/\/young-academy.stage.royalacademy.twentyfour.dev\/?p=2838"},"modified":"2025-03-13T13:33:33","modified_gmt":"2025-03-13T12:33:33","slug":"der-skal-vaere-klare-rammer-mellem-universiteterne-og-erhvervsliv","status":"publish","type":"post","link":"https:\/\/youngacademy.dk\/en\/der-skal-vaere-klare-rammer-mellem-universiteterne-og-erhvervsliv\/","title":{"rendered":"Der skal v\u00e6re klare rammer mellem universiteterne og erhvervsliv"},"content":{"rendered":"\n<p><strong>DEBATINDL\u00c6G AF MEDLEMMER AF DET UNGE AKADEMI.<\/strong><\/p>\n\n\n\n<p>Unge forskere: Der skal v\u00e6re klare rammer for koblingen mellem universiteter og erhvervsliv. I debatindl\u00e6gget skriver medlemmer af Det Unge Akademi om et behov for en klar definition af forskningsfrihed og forskernes rettigheder, n\u00e5r universiteter og eksterne akt\u00f8rer indg\u00e5r samarbejde om forskning, skriver en r\u00e6kke unge forskere.<\/p>\n\n\n\n<p>Indl\u00e6gget er skrevet af medlemmerne af Det Unge Akademi: Bj\u00f8rk R,<strong>&nbsp;<\/strong>Dalsgaard P, Dimke H, Jauffred L, Kropp K, S\u00f8rensen TJ, Vallg\u00e5rda K.<\/p>\n\n\n\n<p>L\u00e6s debatindl\u00e6gget hos Altinget&nbsp;<a href=\"https:\/\/www.altinget.dk\/forskning\/artikel\/unge-forskere-der-skal-vaere-klare-rammer-for-koblingen-mellem-universiteter-og-erhvervsliv\" target=\"_blank\" rel=\"noreferrer noopener\">HER<\/a>.<\/p>\n","protected":false},"excerpt":{"rendered":"<p>Unge forskere: Der skal v\u00e6re klare rammer for koblingen mellem universiteter og erhvervsliv. I debatindl\u00e6gget skriver medlemmer af Det Unge Akademi om et behov for en klar definition af forskningsfrihed og forskernes rettigheder, n\u00e5r universiteter og eksterne akt\u00f8rer indg\u00e5r samarbejde om forskning, skriver en r\u00e6kke unge forskere.<\/p>\n","protected":false},"author":13,"featured_media":3457,"comment_status":"closed","ping_status":"open","sticky":false,"template":"","format":"standard","meta":{"_acf_changed":false,"footnotes":""},"categories":[51,45],"tags":[],"activity":[],"debat":[],"forskning":[],"forskningsomrade":[],"nyheder":[],"arstal":[],"class_list":["post-2838","post","type-post","status-publish","format-standard","has-post-thumbnail","hentry","category-debatindlaeg","category-offentlig-deltagelse-politik"],"acf":[],"yoast_head":"<!-- This site is optimized with the Yoast SEO plugin v27.0 - https:\/\/yoast.com\/product\/yoast-seo-wordpress\/ -->\n<title>Der skal v\u00e6re klare rammer mellem universiteterne og erhvervsliv - DET UNGE AKADEMI<\/title>\n<meta name=\"robots\" content=\"index, follow, max-snippet:-1, max-image-preview:large, max-video-preview:-1\" \/>\n<link rel=\"canonical\" href=\"https:\/\/youngacademy.dk\/da\/der-skal-vaere-klare-rammer-mellem-universiteterne-og-erhvervsliv\/\" \/>\n<meta property=\"og:locale\" content=\"en_US\" \/>\n<meta property=\"og:type\" content=\"article\" \/>\n<meta property=\"og:title\" content=\"Der skal v\u00e6re klare rammer mellem universiteterne og erhvervsliv - DET UNGE AKADEMI\" \/>\n<meta property=\"og:description\" content=\"Unge forskere: Der skal v\u00e6re klare rammer for koblingen mellem universiteter og erhvervsliv. I debatindl\u00e6gget skriver medlemmer af Det Unge Akademi om et behov for en klar definition af forskningsfrihed og forskernes rettigheder, n\u00e5r universiteter og eksterne akt\u00f8rer indg\u00e5r samarbejde om forskning, skriver en r\u00e6kke unge forskere.\" \/>\n<meta property=\"og:url\" content=\"https:\/\/youngacademy.dk\/da\/der-skal-vaere-klare-rammer-mellem-universiteterne-og-erhvervsliv\/\" \/>\n<meta property=\"og:site_name\" content=\"DET UNGE AKADEMI\" \/>\n<meta property=\"article:published_time\" content=\"2020-12-08T10:34:00+00:00\" \/>\n<meta property=\"article:modified_time\" content=\"2025-03-13T12:33:33+00:00\" \/>\n<meta property=\"og:image\" content=\"https:\/\/youngacademy.dk\/wp-content\/uploads\/sites\/5\/2020\/12\/john-robert-marasigan-lxz__x7naba-unsplash-e1741869142399.jpg\" \/>\n\t<meta property=\"og:image:width\" content=\"1800\" \/>\n\t<meta property=\"og:image:height\" content=\"1200\" \/>\n\t<meta property=\"og:image:type\" content=\"image\/jpeg\" \/>\n<meta name=\"author\" content=\"Anders Drange Ladefoged\" \/>\n<meta name=\"twitter:card\" content=\"summary_large_image\" \/>\n<meta name=\"twitter:label1\" content=\"Written by\" \/>\n\t<meta name=\"twitter:data1\" content=\"Anders Drange Ladefoged\" \/>\n\t<meta name=\"twitter:label2\" content=\"Est. reading time\" \/>\n\t<meta name=\"twitter:data2\" content=\"1 minute\" \/>\n<script type=\"application\/ld+json\" class=\"yoast-schema-graph\">{\"@context\":\"https:\/\/schema.org\",\"@graph\":[{\"@type\":\"Article\",\"@id\":\"https:\/\/youngacademy.dk\/da\/der-skal-vaere-klare-rammer-mellem-universiteterne-og-erhvervsliv\/#article\",\"isPartOf\":{\"@id\":\"https:\/\/youngacademy.dk\/da\/der-skal-vaere-klare-rammer-mellem-universiteterne-og-erhvervsliv\/\"},\"author\":{\"name\":\"Anders Drange Ladefoged\",\"@id\":\"https:\/\/youngacademy.dk\/da\/#\/schema\/person\/9f2b1caa3cb38882fbf09a027e99cad6\"},\"headline\":\"Der skal v\u00e6re klare rammer mellem universiteterne og erhvervsliv\",\"datePublished\":\"2020-12-08T10:34:00+00:00\",\"dateModified\":\"2025-03-13T12:33:33+00:00\",\"mainEntityOfPage\":{\"@id\":\"https:\/\/youngacademy.dk\/da\/der-skal-vaere-klare-rammer-mellem-universiteterne-og-erhvervsliv\/\"},\"wordCount\":107,\"publisher\":{\"@id\":\"https:\/\/youngacademy.dk\/da\/#organization\"},\"image\":{\"@id\":\"https:\/\/youngacademy.dk\/da\/der-skal-vaere-klare-rammer-mellem-universiteterne-og-erhvervsliv\/#primaryimage\"},\"thumbnailUrl\":\"https:\/\/youngacademy.dk\/wp-content\/uploads\/sites\/5\/2020\/12\/john-robert-marasigan-lxz__x7naba-unsplash-e1741869142399.jpg\",\"articleSection\":[\"Debatindl\u00e6g\",\"Offentlig deltagelse - politik\"],\"inLanguage\":\"en-US\"},{\"@type\":\"WebPage\",\"@id\":\"https:\/\/youngacademy.dk\/da\/der-skal-vaere-klare-rammer-mellem-universiteterne-og-erhvervsliv\/\",\"url\":\"https:\/\/youngacademy.dk\/da\/der-skal-vaere-klare-rammer-mellem-universiteterne-og-erhvervsliv\/\",\"name\":\"Der skal v\u00e6re klare rammer mellem universiteterne og erhvervsliv - DET UNGE AKADEMI\",\"isPartOf\":{\"@id\":\"https:\/\/youngacademy.dk\/da\/#website\"},\"primaryImageOfPage\":{\"@id\":\"https:\/\/youngacademy.dk\/da\/der-skal-vaere-klare-rammer-mellem-universiteterne-og-erhvervsliv\/#primaryimage\"},\"image\":{\"@id\":\"https:\/\/youngacademy.dk\/da\/der-skal-vaere-klare-rammer-mellem-universiteterne-og-erhvervsliv\/#primaryimage\"},\"thumbnailUrl\":\"https:\/\/youngacademy.dk\/wp-content\/uploads\/sites\/5\/2020\/12\/john-robert-marasigan-lxz__x7naba-unsplash-e1741869142399.jpg\",\"datePublished\":\"2020-12-08T10:34:00+00:00\",\"dateModified\":\"2025-03-13T12:33:33+00:00\",\"breadcrumb\":{\"@id\":\"https:\/\/youngacademy.dk\/da\/der-skal-vaere-klare-rammer-mellem-universiteterne-og-erhvervsliv\/#breadcrumb\"},\"inLanguage\":\"en-US\",\"potentialAction\":[{\"@type\":\"ReadAction\",\"target\":[\"https:\/\/youngacademy.dk\/da\/der-skal-vaere-klare-rammer-mellem-universiteterne-og-erhvervsliv\/\"]}]},{\"@type\":\"ImageObject\",\"inLanguage\":\"en-US\",\"@id\":\"https:\/\/youngacademy.dk\/da\/der-skal-vaere-klare-rammer-mellem-universiteterne-og-erhvervsliv\/#primaryimage\",\"url\":\"https:\/\/youngacademy.dk\/wp-content\/uploads\/sites\/5\/2020\/12\/john-robert-marasigan-lxz__x7naba-unsplash-e1741869142399.jpg\",\"contentUrl\":\"https:\/\/youngacademy.dk\/wp-content\/uploads\/sites\/5\/2020\/12\/john-robert-marasigan-lxz__x7naba-unsplash-e1741869142399.jpg\",\"width\":1800,\"height\":1200,\"caption\":\"Foto: Unsplash\/John Robert Marasigan\"},{\"@type\":\"BreadcrumbList\",\"@id\":\"https:\/\/youngacademy.dk\/da\/der-skal-vaere-klare-rammer-mellem-universiteterne-og-erhvervsliv\/#breadcrumb\",\"itemListElement\":[{\"@type\":\"ListItem\",\"position\":1,\"name\":\"Hjem\",\"item\":\"https:\/\/youngacademy.dk\/en\/forside\/\"},{\"@type\":\"ListItem\",\"position\":2,\"name\":\"Der skal v\u00e6re klare rammer mellem universiteterne og erhvervsliv\"}]},{\"@type\":\"WebSite\",\"@id\":\"https:\/\/youngacademy.dk\/da\/#website\",\"url\":\"https:\/\/youngacademy.dk\/da\/\",\"name\":\"DET UNGE AKADEMI\",\"description\":\"\",\"publisher\":{\"@id\":\"https:\/\/youngacademy.dk\/da\/#organization\"},\"potentialAction\":[{\"@type\":\"SearchAction\",\"target\":{\"@type\":\"EntryPoint\",\"urlTemplate\":\"https:\/\/youngacademy.dk\/da\/?s={search_term_string}\"},\"query-input\":{\"@type\":\"PropertyValueSpecification\",\"valueRequired\":true,\"valueName\":\"search_term_string\"}}],\"inLanguage\":\"en-US\"},{\"@type\":\"Organization\",\"@id\":\"https:\/\/youngacademy.dk\/da\/#organization\",\"name\":\"DET UNGE AKADEMI\",\"url\":\"https:\/\/youngacademy.dk\/da\/\",\"logo\":{\"@type\":\"ImageObject\",\"inLanguage\":\"en-US\",\"@id\":\"https:\/\/youngacademy.dk\/da\/#\/schema\/logo\/image\/\",\"url\":\"https:\/\/youngacademy.dk\/wp-content\/uploads\/sites\/5\/2023\/05\/ya-favicon.svg\",\"contentUrl\":\"https:\/\/youngacademy.dk\/wp-content\/uploads\/sites\/5\/2023\/05\/ya-favicon.svg\",\"width\":179,\"height\":179,\"caption\":\"DET UNGE AKADEMI\"},\"image\":{\"@id\":\"https:\/\/youngacademy.dk\/da\/#\/schema\/logo\/image\/\"}},{\"@type\":\"Person\",\"@id\":\"https:\/\/youngacademy.dk\/da\/#\/schema\/person\/9f2b1caa3cb38882fbf09a027e99cad6\",\"name\":\"Anders Drange Ladefoged\",\"image\":{\"@type\":\"ImageObject\",\"inLanguage\":\"en-US\",\"@id\":\"https:\/\/youngacademy.dk\/da\/#\/schema\/person\/image\/\",\"url\":\"https:\/\/secure.gravatar.com\/avatar\/e850026c4da204ed00689c6e8cb0cb315b131ff92c2cd432874bdbc6a7d11eb3?s=96&d=mm&r=g\",\"contentUrl\":\"https:\/\/secure.gravatar.com\/avatar\/e850026c4da204ed00689c6e8cb0cb315b131ff92c2cd432874bdbc6a7d11eb3?s=96&d=mm&r=g\",\"caption\":\"Anders Drange Ladefoged\"},\"url\":\"https:\/\/youngacademy.dk\/en\/author\/anders\/\"}]}<\/script>\n<!-- \/ Yoast SEO plugin. -->","yoast_head_json":{"title":"Der skal v\u00e6re klare rammer mellem universiteterne og erhvervsliv - DET UNGE AKADEMI","robots":{"index":"index","follow":"follow","max-snippet":"max-snippet:-1","max-image-preview":"max-image-preview:large","max-video-preview":"max-video-preview:-1"},"canonical":"https:\/\/youngacademy.dk\/da\/der-skal-vaere-klare-rammer-mellem-universiteterne-og-erhvervsliv\/","og_locale":"en_US","og_type":"article","og_title":"Der skal v\u00e6re klare rammer mellem universiteterne og erhvervsliv - DET UNGE AKADEMI","og_description":"Unge forskere: Der skal v\u00e6re klare rammer for koblingen mellem universiteter og erhvervsliv. I debatindl\u00e6gget skriver medlemmer af Det Unge Akademi om et behov for en klar definition af forskningsfrihed og forskernes rettigheder, n\u00e5r universiteter og eksterne akt\u00f8rer indg\u00e5r samarbejde om forskning, skriver en r\u00e6kke unge forskere.","og_url":"https:\/\/youngacademy.dk\/da\/der-skal-vaere-klare-rammer-mellem-universiteterne-og-erhvervsliv\/","og_site_name":"DET UNGE AKADEMI","article_published_time":"2020-12-08T10:34:00+00:00","article_modified_time":"2025-03-13T12:33:33+00:00","og_image":[{"width":1800,"height":1200,"url":"https:\/\/youngacademy.dk\/wp-content\/uploads\/sites\/5\/2020\/12\/john-robert-marasigan-lxz__x7naba-unsplash-e1741869142399.jpg","type":"image\/jpeg"}],"author":"Anders Drange Ladefoged","twitter_card":"summary_large_image","twitter_misc":{"Written by":"Anders Drange Ladefoged","Est. reading time":"1 minute"},"schema":{"@context":"https:\/\/schema.org","@graph":[{"@type":"Article","@id":"https:\/\/youngacademy.dk\/da\/der-skal-vaere-klare-rammer-mellem-universiteterne-og-erhvervsliv\/#article","isPartOf":{"@id":"https:\/\/youngacademy.dk\/da\/der-skal-vaere-klare-rammer-mellem-universiteterne-og-erhvervsliv\/"},"author":{"name":"Anders Drange Ladefoged","@id":"https:\/\/youngacademy.dk\/da\/#\/schema\/person\/9f2b1caa3cb38882fbf09a027e99cad6"},"headline":"Der skal v\u00e6re klare rammer mellem universiteterne og erhvervsliv","datePublished":"2020-12-08T10:34:00+00:00","dateModified":"2025-03-13T12:33:33+00:00","mainEntityOfPage":{"@id":"https:\/\/youngacademy.dk\/da\/der-skal-vaere-klare-rammer-mellem-universiteterne-og-erhvervsliv\/"},"wordCount":107,"publisher":{"@id":"https:\/\/youngacademy.dk\/da\/#organization"},"image":{"@id":"https:\/\/youngacademy.dk\/da\/der-skal-vaere-klare-rammer-mellem-universiteterne-og-erhvervsliv\/#primaryimage"},"thumbnailUrl":"https:\/\/youngacademy.dk\/wp-content\/uploads\/sites\/5\/2020\/12\/john-robert-marasigan-lxz__x7naba-unsplash-e1741869142399.jpg","articleSection":["Debatindl\u00e6g","Offentlig deltagelse - politik"],"inLanguage":"en-US"},{"@type":"WebPage","@id":"https:\/\/youngacademy.dk\/da\/der-skal-vaere-klare-rammer-mellem-universiteterne-og-erhvervsliv\/","url":"https:\/\/youngacademy.dk\/da\/der-skal-vaere-klare-rammer-mellem-universiteterne-og-erhvervsliv\/","name":"Der skal v\u00e6re klare rammer mellem universiteterne og erhvervsliv - DET UNGE AKADEMI","isPartOf":{"@id":"https:\/\/youngacademy.dk\/da\/#website"},"primaryImageOfPage":{"@id":"https:\/\/youngacademy.dk\/da\/der-skal-vaere-klare-rammer-mellem-universiteterne-og-erhvervsliv\/#primaryimage"},"image":{"@id":"https:\/\/youngacademy.dk\/da\/der-skal-vaere-klare-rammer-mellem-universiteterne-og-erhvervsliv\/#primaryimage"},"thumbnailUrl":"https:\/\/youngacademy.dk\/wp-content\/uploads\/sites\/5\/2020\/12\/john-robert-marasigan-lxz__x7naba-unsplash-e1741869142399.jpg","datePublished":"2020-12-08T10:34:00+00:00","dateModified":"2025-03-13T12:33:33+00:00","breadcrumb":{"@id":"https:\/\/youngacademy.dk\/da\/der-skal-vaere-klare-rammer-mellem-universiteterne-og-erhvervsliv\/#breadcrumb"},"inLanguage":"en-US","potentialAction":[{"@type":"ReadAction","target":["https:\/\/youngacademy.dk\/da\/der-skal-vaere-klare-rammer-mellem-universiteterne-og-erhvervsliv\/"]}]},{"@type":"ImageObject","inLanguage":"en-US","@id":"https:\/\/youngacademy.dk\/da\/der-skal-vaere-klare-rammer-mellem-universiteterne-og-erhvervsliv\/#primaryimage","url":"https:\/\/youngacademy.dk\/wp-content\/uploads\/sites\/5\/2020\/12\/john-robert-marasigan-lxz__x7naba-unsplash-e1741869142399.jpg","contentUrl":"https:\/\/youngacademy.dk\/wp-content\/uploads\/sites\/5\/2020\/12\/john-robert-marasigan-lxz__x7naba-unsplash-e1741869142399.jpg","width":1800,"height":1200,"caption":"Foto: Unsplash\/John Robert Marasigan"},{"@type":"BreadcrumbList","@id":"https:\/\/youngacademy.dk\/da\/der-skal-vaere-klare-rammer-mellem-universiteterne-og-erhvervsliv\/#breadcrumb","itemListElement":[{"@type":"ListItem","position":1,"name":"Hjem","item":"https:\/\/youngacademy.dk\/en\/forside\/"},{"@type":"ListItem","position":2,"name":"Der skal v\u00e6re klare rammer mellem universiteterne og erhvervsliv"}]},{"@type":"WebSite","@id":"https:\/\/youngacademy.dk\/da\/#website","url":"https:\/\/youngacademy.dk\/da\/","name":"DET UNGE AKADEMI","description":"","publisher":{"@id":"https:\/\/youngacademy.dk\/da\/#organization"},"potentialAction":[{"@type":"SearchAction","target":{"@type":"EntryPoint","urlTemplate":"https:\/\/youngacademy.dk\/da\/?s={search_term_string}"},"query-input":{"@type":"PropertyValueSpecification","valueRequired":true,"valueName":"search_term_string"}}],"inLanguage":"en-US"},{"@type":"Organization","@id":"https:\/\/youngacademy.dk\/da\/#organization","name":"DET UNGE AKADEMI","url":"https:\/\/youngacademy.dk\/da\/","logo":{"@type":"ImageObject","inLanguage":"en-US","@id":"https:\/\/youngacademy.dk\/da\/#\/schema\/logo\/image\/","url":"https:\/\/youngacademy.dk\/wp-content\/uploads\/sites\/5\/2023\/05\/ya-favicon.svg","contentUrl":"https:\/\/youngacademy.dk\/wp-content\/uploads\/sites\/5\/2023\/05\/ya-favicon.svg","width":179,"height":179,"caption":"DET UNGE AKADEMI"},"image":{"@id":"https:\/\/youngacademy.dk\/da\/#\/schema\/logo\/image\/"}},{"@type":"Person","@id":"https:\/\/youngacademy.dk\/da\/#\/schema\/person\/9f2b1caa3cb38882fbf09a027e99cad6","name":"Anders Drange Ladefoged","image":{"@type":"ImageObject","inLanguage":"en-US","@id":"https:\/\/youngacademy.dk\/da\/#\/schema\/person\/image\/","url":"https:\/\/secure.gravatar.com\/avatar\/e850026c4da204ed00689c6e8cb0cb315b131ff92c2cd432874bdbc6a7d11eb3?s=96&d=mm&r=g","contentUrl":"https:\/\/secure.gravatar.com\/avatar\/e850026c4da204ed00689c6e8cb0cb315b131ff92c2cd432874bdbc6a7d11eb3?s=96&d=mm&r=g","caption":"Anders Drange Ladefoged"},"url":"https:\/\/youngacademy.dk\/en\/author\/anders\/"}]}},"_links":{"self":[{"href":"https:\/\/youngacademy.dk\/en\/wp-json\/wp\/v2\/posts\/2838","targetHints":{"allow":["GET"]}}],"collection":[{"href":"https:\/\/youngacademy.dk\/en\/wp-json\/wp\/v2\/posts"}],"about":[{"href":"https:\/\/youngacademy.dk\/en\/wp-json\/wp\/v2\/types\/post"}],"author":[{"embeddable":true,"href":"https:\/\/youngacademy.dk\/en\/wp-json\/wp\/v2\/users\/13"}],"replies":[{"embeddable":true,"href":"https:\/\/youngacademy.dk\/en\/wp-json\/wp\/v2\/comments?post=2838"}],"version-history":[{"count":3,"href":"https:\/\/youngacademy.dk\/en\/wp-json\/wp\/v2\/posts\/2838\/revisions"}],"predecessor-version":[{"id":5106,"href":"https:\/\/youngacademy.dk\/en\/wp-json\/wp\/v2\/posts\/2838\/revisions\/5106"}],"wp:featuredmedia":[{"embeddable":true,"href":"https:\/\/youngacademy.dk\/en\/wp-json\/wp\/v2\/media\/3457"}],"wp:attachment":[{"href":"https:\/\/youngacademy.dk\/en\/wp-json\/wp\/v2\/media?parent=2838"}],"wp:term":[{"taxonomy":"category","embeddable":true,"href":"https:\/\/youngacademy.dk\/en\/wp-json\/wp\/v2\/categories?post=2838"},{"taxonomy":"post_tag","embeddable":true,"href":"https:\/\/youngacademy.dk\/en\/wp-json\/wp\/v2\/tags?post=2838"},{"taxonomy":"activity","embeddable":true,"href":"https:\/\/youngacademy.dk\/en\/wp-json\/wp\/v2\/activity?post=2838"},{"taxonomy":"debat","embeddable":true,"href":"https:\/\/youngacademy.dk\/en\/wp-json\/wp\/v2\/debat?post=2838"},{"taxonomy":"forskning","embeddable":true,"href":"https:\/\/youngacademy.dk\/en\/wp-json\/wp\/v2\/forskning?post=2838"},{"taxonomy":"forskningsomrade","embeddable":true,"href":"https:\/\/youngacademy.dk\/en\/wp-json\/wp\/v2\/forskningsomrade?post=2838"},{"taxonomy":"nyheder","embeddable":true,"href":"https:\/\/youngacademy.dk\/en\/wp-json\/wp\/v2\/nyheder?post=2838"},{"taxonomy":"arstal","embeddable":true,"href":"https:\/\/youngacademy.dk\/en\/wp-json\/wp\/v2\/arstal?post=2838"}],"curies":[{"name":"wp","href":"https:\/\/api.w.org\/{rel}","templated":true}]}}